{"id":38,"date":"2023-07-06T16:26:10","date_gmt":"2023-07-06T16:26:10","guid":{"rendered":"https:\/\/cochesaescalamiguel.es\/?p=38"},"modified":"2023-07-06T16:26:10","modified_gmt":"2023-07-06T16:26:10","slug":"cooperativa-santa-quiteria-celebra-su-aniversario-numero-50","status":"publish","type":"post","link":"https:\/\/cochesaescalamiguel.es\/index.php\/2023\/07\/06\/cooperativa-santa-quiteria-celebra-su-aniversario-numero-50\/","title":{"rendered":"Cooperativa Santa Quiteria celebra su aniversario n\u00famero 50"},"content":{"rendered":"\n<p>El 12 de Agosto de 2024, nuestra Cooperativa del Campo Santa Quiteria celebrar\u00e1 50 a\u00f1os de historia. Desde nuestra fundaci\u00f3n en 1974, hemos crecido para ser una parte integral de la vida en La Nava de Santiago y Extremadura. Planeamos marcar esta ocasi\u00f3n con una serie de eventos y actividades, incluyendo un d\u00eda de campo en nuestros olivares y higueras, un tour por nuestras instalaciones, y una degustaci\u00f3n de nuestros productos. Todos est\u00e1n invitados a celebrar con nosotros este hito tan importante.<\/p>\n","protected":false},"excerpt":{"rendered":"<p>El 12 de Agosto de 2024, nuestra Cooperativa del Campo Santa Quiteria celebrar\u00e1 50 a\u00f1os de historia. Desde nuestra fundaci\u00f3n en 1974, hemos crecido para ser una parte integral de la vida en La Nava de Santiago y Extremadura. Planeamos marcar esta ocasi\u00f3n con una serie de eventos y actividades, incluyendo un d\u00eda de campo en nuestros olivares y higueras, un tour por nuestras instalaciones, y una degustaci\u00f3n de nuestros productos. Todos est\u00e1n invitados a celebrar con nosotros este hito tan importante.<\/p>\n","protected":false},"author":1,"featured_media":11,"comment_status":"open","ping_status":"closed","sticky":false,"template":"","format":"standard","meta":{"footnotes":""},"categories":[1],"tags":[],"class_list":["post-38","post","type-post","status-publish","format-standard","has-post-thumbnail","hentry","category-noticias"],"yoast_head":"<!-- This site is optimized with the Yoast SEO plugin v23.1 - https:\/\/yoast.com\/wordpress\/plugins\/seo\/ -->\n<title>Cooperativa Santa Quiteria celebra su aniversario n\u00famero 50 - Coches a Escala Miguel<\/title>\n<meta name=\"robots\" content=\"index, follow, max-snippet:-1, max-image-preview:large, max-video-preview:-1\" \/>\n<link rel=\"canonical\" href=\"https:\/\/cochesaescalamiguel.es\/index.php\/2023\/07\/06\/cooperativa-santa-quiteria-celebra-su-aniversario-numero-50\/\" \/>\n<meta property=\"og:locale\" content=\"es_ES\" \/>\n<meta property=\"og:type\" content=\"article\" \/>\n<meta property=\"og:title\" content=\"Cooperativa Santa Quiteria celebra su aniversario n\u00famero 50 - Coches a Escala Miguel\" \/>\n<meta property=\"og:description\" content=\"El 12 de Agosto de 2024, nuestra Cooperativa del Campo Santa Quiteria celebrar\u00e1 50 a\u00f1os de historia. Desde nuestra fundaci\u00f3n en 1974, hemos crecido para ser una parte integral de la vida en La Nava de Santiago y Extremadura. Planeamos marcar esta ocasi\u00f3n con una serie de eventos y actividades, incluyendo un d\u00eda de campo en nuestros olivares y higueras, un tour por nuestras instalaciones, y una degustaci\u00f3n de nuestros productos. Todos est\u00e1n invitados a celebrar con nosotros este hito tan importante.\" \/>\n<meta property=\"og:url\" content=\"https:\/\/cochesaescalamiguel.es\/index.php\/2023\/07\/06\/cooperativa-santa-quiteria-celebra-su-aniversario-numero-50\/\" \/>\n<meta property=\"og:site_name\" content=\"Coches a Escala Miguel\" \/>\n<meta property=\"article:publisher\" content=\"https:\/\/www.facebook.com\/cooperativadelcamposantaquiteria\" \/>\n<meta property=\"article:published_time\" content=\"2023-07-06T16:26:10+00:00\" \/>\n<meta property=\"og:image\" content=\"https:\/\/cochesaescalamiguel.es\/wp-content\/uploads\/2023\/07\/260217343_4480976035284718_2322946443599534040_n.jpg\" \/>\n\t<meta property=\"og:image:width\" content=\"1052\" \/>\n\t<meta property=\"og:image:height\" content=\"780\" \/>\n\t<meta property=\"og:image:type\" content=\"image\/jpeg\" \/>\n<meta name=\"author\" content=\"admin\" \/>\n<meta name=\"twitter:card\" content=\"summary_large_image\" \/>\n<meta name=\"twitter:label1\" content=\"Escrito por\" \/>\n\t<meta name=\"twitter:data1\" content=\"admin\" \/>\n<script type=\"application\/ld+json\" class=\"yoast-schema-graph\">{\"@context\":\"https:\/\/schema.org\",\"@graph\":[{\"@type\":\"Article\",\"@id\":\"https:\/\/cochesaescalamiguel.es\/index.php\/2023\/07\/06\/cooperativa-santa-quiteria-celebra-su-aniversario-numero-50\/#article\",\"isPartOf\":{\"@id\":\"https:\/\/cochesaescalamiguel.es\/index.php\/2023\/07\/06\/cooperativa-santa-quiteria-celebra-su-aniversario-numero-50\/\"},\"author\":{\"name\":\"admin\",\"@id\":\"https:\/\/cochesaescalamiguel.es\/#\/schema\/person\/7464b1ec9f11e9448f3bffe8a26df91a\"},\"headline\":\"Cooperativa Santa Quiteria celebra su aniversario n\u00famero 50\",\"datePublished\":\"2023-07-06T16:26:10+00:00\",\"dateModified\":\"2023-07-06T16:26:10+00:00\",\"mainEntityOfPage\":{\"@id\":\"https:\/\/cochesaescalamiguel.es\/index.php\/2023\/07\/06\/cooperativa-santa-quiteria-celebra-su-aniversario-numero-50\/\"},\"wordCount\":92,\"commentCount\":0,\"publisher\":{\"@id\":\"https:\/\/cochesaescalamiguel.es\/#organization\"},\"image\":{\"@id\":\"https:\/\/cochesaescalamiguel.es\/index.php\/2023\/07\/06\/cooperativa-santa-quiteria-celebra-su-aniversario-numero-50\/#primaryimage\"},\"thumbnailUrl\":\"https:\/\/cochesaescalamiguel.es\/wp-content\/uploads\/2023\/07\/260217343_4480976035284718_2322946443599534040_n.jpg\",\"articleSection\":[\"Noticias\"],\"inLanguage\":\"es\",\"potentialAction\":[{\"@type\":\"CommentAction\",\"name\":\"Comment\",\"target\":[\"https:\/\/cochesaescalamiguel.es\/index.php\/2023\/07\/06\/cooperativa-santa-quiteria-celebra-su-aniversario-numero-50\/#respond\"]}]},{\"@type\":\"WebPage\",\"@id\":\"https:\/\/cochesaescalamiguel.es\/index.php\/2023\/07\/06\/cooperativa-santa-quiteria-celebra-su-aniversario-numero-50\/\",\"url\":\"https:\/\/cochesaescalamiguel.es\/index.php\/2023\/07\/06\/cooperativa-santa-quiteria-celebra-su-aniversario-numero-50\/\",\"name\":\"Cooperativa Santa Quiteria celebra su aniversario n\u00famero 50 - Coches a Escala Miguel\",\"isPartOf\":{\"@id\":\"https:\/\/cochesaescalamiguel.es\/#website\"},\"primaryImageOfPage\":{\"@id\":\"https:\/\/cochesaescalamiguel.es\/index.php\/2023\/07\/06\/cooperativa-santa-quiteria-celebra-su-aniversario-numero-50\/#primaryimage\"},\"image\":{\"@id\":\"https:\/\/cochesaescalamiguel.es\/index.php\/2023\/07\/06\/cooperativa-santa-quiteria-celebra-su-aniversario-numero-50\/#primaryimage\"},\"thumbnailUrl\":\"https:\/\/cochesaescalamiguel.es\/wp-content\/uploads\/2023\/07\/260217343_4480976035284718_2322946443599534040_n.jpg\",\"datePublished\":\"2023-07-06T16:26:10+00:00\",\"dateModified\":\"2023-07-06T16:26:10+00:00\",\"breadcrumb\":{\"@id\":\"https:\/\/cochesaescalamiguel.es\/index.php\/2023\/07\/06\/cooperativa-santa-quiteria-celebra-su-aniversario-numero-50\/#breadcrumb\"},\"inLanguage\":\"es\",\"potentialAction\":[{\"@type\":\"ReadAction\",\"target\":[\"https:\/\/cochesaescalamiguel.es\/index.php\/2023\/07\/06\/cooperativa-santa-quiteria-celebra-su-aniversario-numero-50\/\"]}]},{\"@type\":\"ImageObject\",\"inLanguage\":\"es\",\"@id\":\"https:\/\/cochesaescalamiguel.es\/index.php\/2023\/07\/06\/cooperativa-santa-quiteria-celebra-su-aniversario-numero-50\/#primaryimage\",\"url\":\"https:\/\/cochesaescalamiguel.es\/wp-content\/uploads\/2023\/07\/260217343_4480976035284718_2322946443599534040_n.jpg\",\"contentUrl\":\"https:\/\/cochesaescalamiguel.es\/wp-content\/uploads\/2023\/07\/260217343_4480976035284718_2322946443599534040_n.jpg\",\"width\":1052,\"height\":780},{\"@type\":\"BreadcrumbList\",\"@id\":\"https:\/\/cochesaescalamiguel.es\/index.php\/2023\/07\/06\/cooperativa-santa-quiteria-celebra-su-aniversario-numero-50\/#breadcrumb\",\"itemListElement\":[{\"@type\":\"ListItem\",\"position\":1,\"name\":\"Portada\",\"item\":\"https:\/\/cochesaescalamiguel.es\/\"},{\"@type\":\"ListItem\",\"position\":2,\"name\":\"Cooperativa Santa Quiteria celebra su aniversario n\u00famero 50\"}]},{\"@type\":\"WebSite\",\"@id\":\"https:\/\/cochesaescalamiguel.es\/#website\",\"url\":\"https:\/\/cochesaescalamiguel.es\/\",\"name\":\"Coches a Escala Miguel\",\"description\":\"Los coches de tus sue\u00f1os, en el tama\u00f1o perfecto\",\"publisher\":{\"@id\":\"https:\/\/cochesaescalamiguel.es\/#organization\"},\"alternateName\":\"Coches a Escala Miguel\",\"potentialAction\":[{\"@type\":\"SearchAction\",\"target\":{\"@type\":\"EntryPoint\",\"urlTemplate\":\"https:\/\/cochesaescalamiguel.es\/?s={search_term_string}\"},\"query-input\":\"required name=search_term_string\"}],\"inLanguage\":\"es\"},{\"@type\":\"Organization\",\"@id\":\"https:\/\/cochesaescalamiguel.es\/#organization\",\"name\":\"Miguel Charco Jimenez\",\"url\":\"https:\/\/cochesaescalamiguel.es\/\",\"logo\":{\"@type\":\"ImageObject\",\"inLanguage\":\"es\",\"@id\":\"https:\/\/cochesaescalamiguel.es\/#\/schema\/logo\/image\/\",\"url\":\"https:\/\/cochesaescalamiguel.es\/wp-content\/uploads\/2025\/02\/image-removebg-preview-24.png\",\"contentUrl\":\"https:\/\/cochesaescalamiguel.es\/wp-content\/uploads\/2025\/02\/image-removebg-preview-24.png\",\"width\":542,\"height\":129,\"caption\":\"Miguel Charco Jimenez\"},\"image\":{\"@id\":\"https:\/\/cochesaescalamiguel.es\/#\/schema\/logo\/image\/\"},\"sameAs\":[\"https:\/\/www.facebook.com\/cooperativadelcamposantaquiteria\"]},{\"@type\":\"Person\",\"@id\":\"https:\/\/cochesaescalamiguel.es\/#\/schema\/person\/7464b1ec9f11e9448f3bffe8a26df91a\",\"name\":\"admin\",\"image\":{\"@type\":\"ImageObject\",\"inLanguage\":\"es\",\"@id\":\"https:\/\/cochesaescalamiguel.es\/#\/schema\/person\/image\/\",\"url\":\"https:\/\/secure.gravatar.com\/avatar\/0b144fed1599dfcb76923f5e197ac188?s=96&d=mm&r=g\",\"contentUrl\":\"https:\/\/secure.gravatar.com\/avatar\/0b144fed1599dfcb76923f5e197ac188?s=96&d=mm&r=g\",\"caption\":\"admin\"},\"sameAs\":[\"https:\/\/cochesaescalamiguel.es\"],\"url\":\"https:\/\/cochesaescalamiguel.es\/index.php\/author\/kitdigitalkaam-es\/\"}]}<\/script>\n<!-- \/ Yoast SEO plugin. -->","yoast_head_json":{"title":"Cooperativa Santa Quiteria celebra su aniversario n\u00famero 50 - Coches a Escala Miguel","robots":{"index":"index","follow":"follow","max-snippet":"max-snippet:-1","max-image-preview":"max-image-preview:large","max-video-preview":"max-video-preview:-1"},"canonical":"https:\/\/cochesaescalamiguel.es\/index.php\/2023\/07\/06\/cooperativa-santa-quiteria-celebra-su-aniversario-numero-50\/","og_locale":"es_ES","og_type":"article","og_title":"Cooperativa Santa Quiteria celebra su aniversario n\u00famero 50 - Coches a Escala Miguel","og_description":"El 12 de Agosto de 2024, nuestra Cooperativa del Campo Santa Quiteria celebrar\u00e1 50 a\u00f1os de historia. Desde nuestra fundaci\u00f3n en 1974, hemos crecido para ser una parte integral de la vida en La Nava de Santiago y Extremadura. Planeamos marcar esta ocasi\u00f3n con una serie de eventos y actividades, incluyendo un d\u00eda de campo en nuestros olivares y higueras, un tour por nuestras instalaciones, y una degustaci\u00f3n de nuestros productos. Todos est\u00e1n invitados a celebrar con nosotros este hito tan importante.","og_url":"https:\/\/cochesaescalamiguel.es\/index.php\/2023\/07\/06\/cooperativa-santa-quiteria-celebra-su-aniversario-numero-50\/","og_site_name":"Coches a Escala Miguel","article_publisher":"https:\/\/www.facebook.com\/cooperativadelcamposantaquiteria","article_published_time":"2023-07-06T16:26:10+00:00","og_image":[{"width":1052,"height":780,"url":"https:\/\/cochesaescalamiguel.es\/wp-content\/uploads\/2023\/07\/260217343_4480976035284718_2322946443599534040_n.jpg","type":"image\/jpeg"}],"author":"admin","twitter_card":"summary_large_image","twitter_misc":{"Escrito por":"admin"},"schema":{"@context":"https:\/\/schema.org","@graph":[{"@type":"Article","@id":"https:\/\/cochesaescalamiguel.es\/index.php\/2023\/07\/06\/cooperativa-santa-quiteria-celebra-su-aniversario-numero-50\/#article","isPartOf":{"@id":"https:\/\/cochesaescalamiguel.es\/index.php\/2023\/07\/06\/cooperativa-santa-quiteria-celebra-su-aniversario-numero-50\/"},"author":{"name":"admin","@id":"https:\/\/cochesaescalamiguel.es\/#\/schema\/person\/7464b1ec9f11e9448f3bffe8a26df91a"},"headline":"Cooperativa Santa Quiteria celebra su aniversario n\u00famero 50","datePublished":"2023-07-06T16:26:10+00:00","dateModified":"2023-07-06T16:26:10+00:00","mainEntityOfPage":{"@id":"https:\/\/cochesaescalamiguel.es\/index.php\/2023\/07\/06\/cooperativa-santa-quiteria-celebra-su-aniversario-numero-50\/"},"wordCount":92,"commentCount":0,"publisher":{"@id":"https:\/\/cochesaescalamiguel.es\/#organization"},"image":{"@id":"https:\/\/cochesaescalamiguel.es\/index.php\/2023\/07\/06\/cooperativa-santa-quiteria-celebra-su-aniversario-numero-50\/#primaryimage"},"thumbnailUrl":"https:\/\/cochesaescalamiguel.es\/wp-content\/uploads\/2023\/07\/260217343_4480976035284718_2322946443599534040_n.jpg","articleSection":["Noticias"],"inLanguage":"es","potentialAction":[{"@type":"CommentAction","name":"Comment","target":["https:\/\/cochesaescalamiguel.es\/index.php\/2023\/07\/06\/cooperativa-santa-quiteria-celebra-su-aniversario-numero-50\/#respond"]}]},{"@type":"WebPage","@id":"https:\/\/cochesaescalamiguel.es\/index.php\/2023\/07\/06\/cooperativa-santa-quiteria-celebra-su-aniversario-numero-50\/","url":"https:\/\/cochesaescalamiguel.es\/index.php\/2023\/07\/06\/cooperativa-santa-quiteria-celebra-su-aniversario-numero-50\/","name":"Cooperativa Santa Quiteria celebra su aniversario n\u00famero 50 - Coches a Escala Miguel","isPartOf":{"@id":"https:\/\/cochesaescalamiguel.es\/#website"},"primaryImageOfPage":{"@id":"https:\/\/cochesaescalamiguel.es\/index.php\/2023\/07\/06\/cooperativa-santa-quiteria-celebra-su-aniversario-numero-50\/#primaryimage"},"image":{"@id":"https:\/\/cochesaescalamiguel.es\/index.php\/2023\/07\/06\/cooperativa-santa-quiteria-celebra-su-aniversario-numero-50\/#primaryimage"},"thumbnailUrl":"https:\/\/cochesaescalamiguel.es\/wp-content\/uploads\/2023\/07\/260217343_4480976035284718_2322946443599534040_n.jpg","datePublished":"2023-07-06T16:26:10+00:00","dateModified":"2023-07-06T16:26:10+00:00","breadcrumb":{"@id":"https:\/\/cochesaescalamiguel.es\/index.php\/2023\/07\/06\/cooperativa-santa-quiteria-celebra-su-aniversario-numero-50\/#breadcrumb"},"inLanguage":"es","potentialAction":[{"@type":"ReadAction","target":["https:\/\/cochesaescalamiguel.es\/index.php\/2023\/07\/06\/cooperativa-santa-quiteria-celebra-su-aniversario-numero-50\/"]}]},{"@type":"ImageObject","inLanguage":"es","@id":"https:\/\/cochesaescalamiguel.es\/index.php\/2023\/07\/06\/cooperativa-santa-quiteria-celebra-su-aniversario-numero-50\/#primaryimage","url":"https:\/\/cochesaescalamiguel.es\/wp-content\/uploads\/2023\/07\/260217343_4480976035284718_2322946443599534040_n.jpg","contentUrl":"https:\/\/cochesaescalamiguel.es\/wp-content\/uploads\/2023\/07\/260217343_4480976035284718_2322946443599534040_n.jpg","width":1052,"height":780},{"@type":"BreadcrumbList","@id":"https:\/\/cochesaescalamiguel.es\/index.php\/2023\/07\/06\/cooperativa-santa-quiteria-celebra-su-aniversario-numero-50\/#breadcrumb","itemListElement":[{"@type":"ListItem","position":1,"name":"Portada","item":"https:\/\/cochesaescalamiguel.es\/"},{"@type":"ListItem","position":2,"name":"Cooperativa Santa Quiteria celebra su aniversario n\u00famero 50"}]},{"@type":"WebSite","@id":"https:\/\/cochesaescalamiguel.es\/#website","url":"https:\/\/cochesaescalamiguel.es\/","name":"Coches a Escala Miguel","description":"Los coches de tus sue\u00f1os, en el tama\u00f1o perfecto","publisher":{"@id":"https:\/\/cochesaescalamiguel.es\/#organization"},"alternateName":"Coches a Escala Miguel","potentialAction":[{"@type":"SearchAction","target":{"@type":"EntryPoint","urlTemplate":"https:\/\/cochesaescalamiguel.es\/?s={search_term_string}"},"query-input":"required name=search_term_string"}],"inLanguage":"es"},{"@type":"Organization","@id":"https:\/\/cochesaescalamiguel.es\/#organization","name":"Miguel Charco Jimenez","url":"https:\/\/cochesaescalamiguel.es\/","logo":{"@type":"ImageObject","inLanguage":"es","@id":"https:\/\/cochesaescalamiguel.es\/#\/schema\/logo\/image\/","url":"https:\/\/cochesaescalamiguel.es\/wp-content\/uploads\/2025\/02\/image-removebg-preview-24.png","contentUrl":"https:\/\/cochesaescalamiguel.es\/wp-content\/uploads\/2025\/02\/image-removebg-preview-24.png","width":542,"height":129,"caption":"Miguel Charco Jimenez"},"image":{"@id":"https:\/\/cochesaescalamiguel.es\/#\/schema\/logo\/image\/"},"sameAs":["https:\/\/www.facebook.com\/cooperativadelcamposantaquiteria"]},{"@type":"Person","@id":"https:\/\/cochesaescalamiguel.es\/#\/schema\/person\/7464b1ec9f11e9448f3bffe8a26df91a","name":"admin","image":{"@type":"ImageObject","inLanguage":"es","@id":"https:\/\/cochesaescalamiguel.es\/#\/schema\/person\/image\/","url":"https:\/\/secure.gravatar.com\/avatar\/0b144fed1599dfcb76923f5e197ac188?s=96&d=mm&r=g","contentUrl":"https:\/\/secure.gravatar.com\/avatar\/0b144fed1599dfcb76923f5e197ac188?s=96&d=mm&r=g","caption":"admin"},"sameAs":["https:\/\/cochesaescalamiguel.es"],"url":"https:\/\/cochesaescalamiguel.es\/index.php\/author\/kitdigitalkaam-es\/"}]}},"_links":{"self":[{"href":"https:\/\/cochesaescalamiguel.es\/index.php\/wp-json\/wp\/v2\/posts\/38","targetHints":{"allow":["GET"]}}],"collection":[{"href":"https:\/\/cochesaescalamiguel.es\/index.php\/wp-json\/wp\/v2\/posts"}],"about":[{"href":"https:\/\/cochesaescalamiguel.es\/index.php\/wp-json\/wp\/v2\/types\/post"}],"author":[{"embeddable":true,"href":"https:\/\/cochesaescalamiguel.es\/index.php\/wp-json\/wp\/v2\/users\/1"}],"replies":[{"embeddable":true,"href":"https:\/\/cochesaescalamiguel.es\/index.php\/wp-json\/wp\/v2\/comments?post=38"}],"version-history":[{"count":1,"href":"https:\/\/cochesaescalamiguel.es\/index.php\/wp-json\/wp\/v2\/posts\/38\/revisions"}],"predecessor-version":[{"id":39,"href":"https:\/\/cochesaescalamiguel.es\/index.php\/wp-json\/wp\/v2\/posts\/38\/revisions\/39"}],"wp:featuredmedia":[{"embeddable":true,"href":"https:\/\/cochesaescalamiguel.es\/index.php\/wp-json\/wp\/v2\/media\/11"}],"wp:attachment":[{"href":"https:\/\/cochesaescalamiguel.es\/index.php\/wp-json\/wp\/v2\/media?parent=38"}],"wp:term":[{"taxonomy":"category","embeddable":true,"href":"https:\/\/cochesaescalamiguel.es\/index.php\/wp-json\/wp\/v2\/categories?post=38"},{"taxonomy":"post_tag","embeddable":true,"href":"https:\/\/cochesaescalamiguel.es\/index.php\/wp-json\/wp\/v2\/tags?post=38"}],"curies":[{"name":"wp","href":"https:\/\/api.w.org\/{rel}","templated":true}]}}